{"id":71983,"date":"2023-06-16T11:42:10","date_gmt":"2023-06-16T11:42:10","guid":{"rendered":"https:\/\/ouvragedelafalouse.com\/?p=71983"},"modified":"2023-06-16T11:58:58","modified_gmt":"2023-06-16T11:58:58","slug":"une-replique-du-commandant-raynal-a-la-falouse","status":"publish","type":"post","link":"https:\/\/ouvragedelafalouse.com\/de\/une-replique-du-commandant-raynal-a-la-falouse\/","title":{"rendered":"Ein Replikat von Kommandant Raynal in La Falouse"},"content":{"rendered":"<p>[et_pb_section fb_built=\u00a0\u00bb1&Prime; theme_builder_area=\u00a0\u00bbpost_content\u00a0\u00bb _builder_version=\u00a0\u00bb4.21.0&Prime; _module_preset=\u00a0\u00bbdefault\u00a0\u00bb][et_pb_row _builder_version=\u00a0\u00bb4.21.0&Prime; _module_preset=\u00a0\u00bbdefault\u00a0\u00bb theme_builder_area=\u00a0\u00bbpost_content\u00a0\u00bb][et_pb_column _builder_version=\u00a0\u00bb4.21.0&Prime; _module_preset=\u00a0\u00bbdefault\u00a0\u00bb type=\u00a0\u00bb4_4&Prime; theme_builder_area=\u00a0\u00bbpost_content\u00a0\u00bb][et_pb_image src=\u00a0\u00bbhttps:\/\/ouvragedelafalouse.com\/wp-content\/uploads\/2023\/06\/Raynal-Falouse.jpg\u00a0\u00bb _builder_version=\u00a0\u00bb4.21.0&Prime; _module_preset=\u00a0\u00bbdefault\u00a0\u00bb theme_builder_area=\u00a0\u00bbpost_content\u00a0\u00bb title_text=\u00a0\u00bbRaynal Falouse\u00a0\u00bb hover_enabled=\u00a0\u00bb0&Prime; sticky_enabled=\u00a0\u00bb0&Prime;][\/et_pb_image][et_pb_text _builder_version=\u00a0\u00bb4.21.0&Prime; _module_preset=\u00a0\u00bbdefault\u00a0\u00bb theme_builder_area=\u00a0\u00bbpost_content\u00a0\u00bb hover_enabled=\u00a0\u00bb0&Prime; sticky_enabled=\u00a0\u00bb0&Prime; text_font_size=\u00a0\u00bb18px\u00a0\u00bb]<\/p>\n<p>C\u00e9l\u00e8bre pour la d\u00e9fense du fort de Vaux, le commandant Sylvain Raynal tr\u00f4ne aussi \u00e0 la Falouse.<\/p>\n<p>L&rsquo;inauguration de la sculpture bluffante de r\u00e9alisme s&rsquo;est d\u00e9roul\u00e9e le 20 mai dernier en pr\u00e9sence des descendants de l&rsquo;officier.<\/p>\n<p>[\/et_pb_text][et_pb_text _builder_version=\u00a0\u00bb4.21.0&Prime; _module_preset=\u00a0\u00bbdefault\u00a0\u00bb theme_builder_area=\u00a0\u00bbpost_content\u00a0\u00bb hover_enabled=\u00a0\u00bb0&Prime; sticky_enabled=\u00a0\u00bb0&Prime; text_font_size=\u00a0\u00bb18px\u00a0\u00bb]<\/p>\n<p>Il est un peu pale, non ? \u00bb, plaisante Patrick Raynal en contemplant le mannequin de son grand-p\u00e8re.<\/p>\n<p>P\u00e2le, peut-\u00eatre, mais surtout rigoureusement identique \u00e0 l&rsquo;ancien d\u00e9fenseur fort de Vaux.<\/p>\n<p>\u00ab 1,62 m, la fossette au menton, les bacchantes et les sourcils broussailleux \u00bb, d\u00e9crit Fr\u00e9d\u00e9ric Radet, copropri\u00e9taire, guide et homme \u00e0 tout faire de l&rsquo;ouvrage de la Falouse. \u00ab Il se d\u00e9pla\u00e7ait aussi avec une canne car il avait \u00e9t\u00e9 bless\u00e9 plusieurs fois. \u00bb<\/p>\n<p>D&rsquo;ailleurs, Raynal n&rsquo;aurait jamais d\u00fb poser les bottes \u00e0 la Falouse. \u00ab Apr\u00e8s trois blessures, il a \u00e9t\u00e9 d\u00e9clar\u00e9 inapte au combat mais, face \u00e0 l&rsquo;h\u00e9catombe d&rsquo;officiers, il s&rsquo;est port\u00e9 volontaire pour prendre le commandement d&rsquo;un fort \u00bb, d\u00e9taille le guide Pierre Len-hard. \u00c7a sera Vaux. Au c\u0153ur de l&rsquo;enfer.<\/p>\n<p>[\/et_pb_text][et_pb_text _builder_version=\u00a0\u00bb4.21.0&Prime; _module_preset=\u00a0\u00bbdefault\u00a0\u00bb theme_builder_area=\u00a0\u00bbpost_content\u00a0\u00bb hover_enabled=\u00a0\u00bb0&Prime; sticky_enabled=\u00a0\u00bb0&Prime; text_font_size=\u00a0\u00bb18px\u00a0\u00bb header_text_color=\u00a0\u00bb#000000&Prime; header_font_size=\u00a0\u00bb32px\u00a0\u00bb header_3_font_size=\u00a0\u00bb25px\u00a0\u00bb header_3_text_color=\u00a0\u00bb#000000&Prime; header_3_font=\u00a0\u00bb|700|||||||\u00a0\u00bb]<\/p>\n<h3>\u00c9voquer sa garnison<\/h3>\n<p>Un fort que l&rsquo;arm\u00e9e allemande attaque une semaine apr\u00e8s l&rsquo;arriv\u00e9e de Raynal. Le 7 juin 1916, apr\u00e8s avoir offert une r\u00e9sistance h\u00e9ro\u00efque pendant sept jours, les Fran\u00e7ais se ren dent. Assoiff\u00e9s, d\u00e9nutris, ils ont combattu jusqu&rsquo;\u00e0 l&rsquo;\u00e9puise ment dans le sillage de ce commandant de 49 ans.<\/p>\n<p>\u00ab \u00c0 travers lui, on \u00e9voque aussi sa garnison \u00bb, ajoute justement Fr\u00e9d\u00e9ric Radet, qui va installer le 32e mannequin de la Falouse, dans le poste de commandement. \u00ab Car avant de monter \u00e0 Vaux, il a pass\u00e9 une journ\u00e9e ici avec le capitaine Poirier, qui dirigeait l&rsquo;ou-vrage. \u00bb<\/p>\n<p>\u00ab On suppose qu&rsquo;il est venu prendre des consignes car, avant, il servait dans l&rsquo;infanterie \u00bb, r\u00e9v\u00e8le Pierre Lenhard.<\/p>\n<p>\u00ab Il n&rsquo;avait pas l&rsquo;exp\u00e9rience du commandement d&rsquo;un fort. \u00bb<\/p>\n<p>\u00c0 72 ans, Patrick Raynal, le petit-fils du commandant, ne pouvait pas manquer l&rsquo;\u00e9v\u00e9nement. Tout comme Vincent Brient (20 ans), un des arri\u00e8re-petits-enfants de l&rsquo;officier sup\u00e9rieur promu colonel en\u00a01925. \u00ab On avait d&rsquo;ailleurs demand\u00e9 l&rsquo;accord \u00e0 la famille pour r\u00e9aliser le mannequin \u00bb, pr\u00e9cise Fr\u00e9d\u00e9ric Radet.<\/p>\n<p>\u00ab Un h\u00e9ros tragique \u00bb<\/p>\n<p>\u00ab Mon grand-p\u00e8re \u00e9tait un h\u00e9ros tragique mais il n&rsquo;a jamais abandonn\u00e9 le combat et sa vaillance a forc\u00e9 le respect des Allemands \u00bb, raconte Patrick. \u00ab C&rsquo;est aussi pour \u00e7a qu&rsquo;il a \u00e9t\u00e9 bien trait\u00e9 pendant sa captivit\u00e9, au cours de laquelle il avait d\u00fb donner sa parole d&rsquo;honneur qu&rsquo;il ne s&rsquo;\u00e9vaderait pas. Quelque chose qui avait un sens \u00e0 l&rsquo;\u00e9poque.\u00bb<\/p>\n<p>\u00ab J&rsquo;ai \u00e9t\u00e9 berc\u00e9 par ses anecdotes pendant toute mon enfance et c&rsquo;est important car ma g\u00e9n\u00e9ration a tendance \u00e0 oublier \u00bb, indique Vincent Brient.<\/p>\n<p>\u00ab Je remercie tout le monde car le devoir de m\u00e9moire s&rsquo;entretient tous les jours \u00bb, conclut celui qui va bient\u00f4t \u00ab faire ajouter \u00ab\u00a0Raynal\u00a0\u00bb \u00bb \u00e0 son patronyme.<\/p>\n<p>[\/et_pb_text][et_pb_testimonial author=\u00a0\u00bbPatrick Raynal\u00a0\u00bb portrait_url=\u00a0\u00bbdata:image\/svg+xml;base64,PHN2ZyB3aWR0aD0iNTAwIiBoZWlnaHQ9IjUwMCIgdmlld0JveD0iMCAwIDUwMCA1MDAiIHhtbG5zPSJodHRwOi8vd3d3LnczLm9yZy8yMDAwL3N2ZyI+CiAgICA8ZyBmaWxsPSJub25lIiBmaWxsLXJ1bGU9ImV2ZW5vZGQiPgogICAgICAgIDxwYXRoIGZpbGw9IiNFQkVCRUIiIGQ9Ik0wIDBoNTAwdjUwMEgweiIvPgogICAgICAgIDxyZWN0IGZpbGwtb3BhY2l0eT0iLjEiIGZpbGw9IiMwMDAiIHg9IjY4IiB5PSIzMDUiIHdpZHRoPSIzNjQiIGhlaWdodD0iNTY4IiByeD0iMTgyIi8+CiAgICAgICAgPGNpcmNsZSBmaWxsLW9wYWNpdHk9Ii4xIiBmaWxsPSIjMDAwIiBjeD0iMjQ5IiBjeT0iMTcyIiByPSIxMDAiLz4KICAgIDwvZz4KPC9zdmc+Cg==\u00a0\u00bb _builder_version=\u00a0\u00bb4.21.0&Prime; _module_preset=\u00a0\u00bbdefault\u00a0\u00bb theme_builder_area=\u00a0\u00bbpost_content\u00a0\u00bb job_title=\u00a0\u00bbPetit-fils de Sylvain Raynal\u00a0\u00bb hover_enabled=\u00a0\u00bb0&Prime; sticky_enabled=\u00a0\u00bb0&Prime;]<\/p>\n<p>Mon grand-p\u00e8re \u00e9tait un h\u00e9ros tragique mais il n&rsquo;a jamais abandonn\u00e9 le combat et sa vaillance a forc\u00e9 le respect des Allemands<\/p>\n<p>[\/et_pb_testimonial][et_pb_text _builder_version=\u00a0\u00bb4.21.0&Prime; _module_preset=\u00a0\u00bbdefault\u00a0\u00bb theme_builder_area=\u00a0\u00bbpost_content\u00a0\u00bb hover_enabled=\u00a0\u00bb0&Prime; sticky_enabled=\u00a0\u00bb0&Prime;]<\/p>\n<p><strong>Matthieu BOEDEC &#8211; Est R\u00e9publicain<\/strong><\/p>\n<p>[\/et_pb_text][\/et_pb_column][\/et_pb_row][et_pb_row _builder_version=\u00a0\u00bb4.21.0&Prime; _module_preset=\u00a0\u00bbdefault\u00a0\u00bb theme_builder_area=\u00a0\u00bbpost_content\u00a0\u00bb][et_pb_column _builder_version=\u00a0\u00bb4.21.0&Prime; _module_preset=\u00a0\u00bbdefault\u00a0\u00bb type=\u00a0\u00bb4_4&Prime; theme_builder_area=\u00a0\u00bbpost_content\u00a0\u00bb][et_pb_button button_text=\u00a0\u00bbRetrouvez l&rsquo;article complet\u00a0\u00bb _builder_version=\u00a0\u00bb4.21.0&Prime; _module_preset=\u00a0\u00bbdefault\u00a0\u00bb theme_builder_area=\u00a0\u00bbpost_content\u00a0\u00bb button_url=\u00a0\u00bbhttps:\/\/www.estrepublicain.fr\/culture-loisirs\/2023\/05\/31\/l-ouvrage-de-la-falouse-accueille-une-replique-du-commandant-raynal\u00a0\u00bb custom_button=\u00a0\u00bbon\u00a0\u00bb button_bg_color=\u00a0\u00bb#000000&Prime; button_bg_enable_color=\u00a0\u00bbon\u00a0\u00bb button_border_width=\u00a0\u00bb0px\u00a0\u00bb button_border_radius=\u00a0\u00bb0px\u00a0\u00bb button_alignment=\u00a0\u00bbcenter\u00a0\u00bb hover_enabled=\u00a0\u00bb0&Prime; sticky_enabled=\u00a0\u00bb0&Prime;][\/et_pb_button][\/et_pb_column][\/et_pb_row][\/et_pb_section]<\/p>\n","protected":false},"excerpt":{"rendered":"<p>C\u00e9l\u00e8bre pour la d\u00e9fense du fort de Vaux, le commandant Sylvain Raynal tr\u00f4ne aussi \u00e0 la Falouse. L&rsquo;inauguration de la sculpture bluffante de r\u00e9alisme s&rsquo;est d\u00e9roul\u00e9e le 20 mai dernier en pr\u00e9sence des descendants de l&rsquo;officier.Il est un peu pale, non ? \u00bb, plaisante Patrick Raynal en contemplant le mannequin de son grand-p\u00e8re. P\u00e2le, peut-\u00eatre, mais surtout rigoureusement identique \u00e0 l&rsquo;ancien d\u00e9fenseur fort de Vaux. \u00ab 1,62 m, la fossette au menton, les bacchantes et les sourcils broussailleux \u00bb, d\u00e9crit Fr\u00e9d\u00e9ric Radet, copropri\u00e9taire, guide et homme \u00e0 tout faire de l&rsquo;ouvrage de la Falouse. \u00ab Il se d\u00e9pla\u00e7ait aussi avec une canne car il avait \u00e9t\u00e9 bless\u00e9 plusieurs fois. \u00bb D&rsquo;ailleurs, Raynal n&rsquo;aurait jamais d\u00fb poser les bottes \u00e0 la Falouse. \u00ab Apr\u00e8s trois blessures, il a \u00e9t\u00e9 d\u00e9clar\u00e9 inapte au combat mais, face \u00e0 l&rsquo;h\u00e9catombe d&rsquo;officiers, il s&rsquo;est port\u00e9 volontaire pour prendre le commandement d&rsquo;un fort \u00bb, d\u00e9taille le guide Pierre Len-hard. \u00c7a sera Vaux. Au c\u0153ur de l&rsquo;enfer.\u00c9voquer sa garnison Un fort que l&rsquo;arm\u00e9e allemande attaque une semaine apr\u00e8s l&rsquo;arriv\u00e9e de Raynal. Le 7 juin 1916, apr\u00e8s avoir offert une r\u00e9sistance h\u00e9ro\u00efque pendant sept jours, les Fran\u00e7ais se ren dent. Assoiff\u00e9s, d\u00e9nutris, ils ont combattu jusqu&rsquo;\u00e0 l&rsquo;\u00e9puise ment [&hellip;]<\/p>\n","protected":false},"author":1,"featured_media":71985,"comment_status":"open","ping_status":"open","sticky":false,"template":"","format":"standard","meta":{"_et_pb_use_builder":"on","_et_pb_old_content":"","_et_gb_content_width":"","footnotes":""},"categories":[1],"tags":[],"class_list":["post-71983","post","type-post","status-publish","format-standard","has-post-thumbnail","hentry","category-uncategorized"],"_links":{"self":[{"href":"https:\/\/ouvragedelafalouse.com\/de\/wp-json\/wp\/v2\/posts\/71983","targetHints":{"allow":["GET"]}}],"collection":[{"href":"https:\/\/ouvragedelafalouse.com\/de\/wp-json\/wp\/v2\/posts"}],"about":[{"href":"https:\/\/ouvragedelafalouse.com\/de\/wp-json\/wp\/v2\/types\/post"}],"author":[{"embeddable":true,"href":"https:\/\/ouvragedelafalouse.com\/de\/wp-json\/wp\/v2\/users\/1"}],"replies":[{"embeddable":true,"href":"https:\/\/ouvragedelafalouse.com\/de\/wp-json\/wp\/v2\/comments?post=71983"}],"version-history":[{"count":2,"href":"https:\/\/ouvragedelafalouse.com\/de\/wp-json\/wp\/v2\/posts\/71983\/revisions"}],"predecessor-version":[{"id":71987,"href":"https:\/\/ouvragedelafalouse.com\/de\/wp-json\/wp\/v2\/posts\/71983\/revisions\/71987"}],"wp:featuredmedia":[{"embeddable":true,"href":"https:\/\/ouvragedelafalouse.com\/de\/wp-json\/wp\/v2\/media\/71985"}],"wp:attachment":[{"href":"https:\/\/ouvragedelafalouse.com\/de\/wp-json\/wp\/v2\/media?parent=71983"}],"wp:term":[{"taxonomy":"category","embeddable":true,"href":"https:\/\/ouvragedelafalouse.com\/de\/wp-json\/wp\/v2\/categories?post=71983"},{"taxonomy":"post_tag","embeddable":true,"href":"https:\/\/ouvragedelafalouse.com\/de\/wp-json\/wp\/v2\/tags?post=71983"}],"curies":[{"name":"wp","href":"https:\/\/api.w.org\/{rel}","templated":true}]}}